{"id":192,"date":"2022-05-25T00:04:34","date_gmt":"2022-05-24T22:04:34","guid":{"rendered":"https:\/\/www.serendipiaslibrosymas.es\/blog\/?p=192"},"modified":"2022-05-25T00:07:09","modified_gmt":"2022-05-24T22:07:09","slug":"feria-del-libro-de-madrid-2","status":"publish","type":"post","link":"https:\/\/www.serendipiaslibrosymas.es\/blog\/feria-del-libro-de-madrid-2\/","title":{"rendered":"FERIA DEL LIBRO DE MADRID"},"content":{"rendered":"\n<figure class=\"wp-block-image size-full\"><img loading=\"lazy\" decoding=\"async\" width=\"452\" height=\"580\" src=\"https:\/\/www.serendipiaslibrosymas.es\/blog\/wp-content\/uploads\/2022\/05\/cartelFLMadrid22.jpg\" alt=\"\" class=\"wp-image-196\" srcset=\"https:\/\/www.serendipiaslibrosymas.es\/blog\/wp-content\/uploads\/2022\/05\/cartelFLMadrid22.jpg 452w, https:\/\/www.serendipiaslibrosymas.es\/blog\/wp-content\/uploads\/2022\/05\/cartelFLMadrid22-234x300.jpg 234w\" sizes=\"auto, (max-width: 452px) 100vw, 452px\" \/><figcaption>Cartel Feria del libro de Madrid 2022<\/figcaption><\/figure>\n\n\n\n<p>Este a\u00f1o estaremos en la caseta 49, como siempre especializadas en literatura infantil y juvenil. <\/p>\n\n\n\n<p>Adem\u00e1s de las firmas en caseta, este a\u00f1o gestionaremos las firmas de dos autoras en la carpa de firmas BOJ, para las que se necesitar\u00e1 recoger ticket en nuestra caseta desde la ma\u00f1ana del d\u00eda 11 de junio. <\/p>\n\n\n\n<figure id=\"table_1\" class=\"wp-block-table\"><table><tbody><tr><td>11-06-2022<\/td><td>17:30<\/td><td>21:30<\/td><td>SHELBY MAHURIN Y STEPHANIE GARBER<\/td><td>ESPACIO DE FIRMAS BOJ<\/td><\/tr><\/tbody><\/table><\/figure>\n\n\n\n<p>Os dejamos las firmas que podr\u00e9is encontrar en nuestra caseta:<\/p>\n\n\n\n<p><strong>&nbsp;&nbsp;&nbsp;&nbsp;&nbsp;&nbsp;&nbsp;&nbsp;&nbsp;&nbsp; <u>FIRMAS EN LA CASETA 49- LIBRER\u00cdA SERENDIPIAS<\/u><\/strong><\/p>\n\n\n\n<figure class=\"wp-block-table\"><table><thead><tr><td><strong>Fecha<\/strong><\/td><td><strong>Inicio<\/strong><\/td><td><strong>Fin<\/strong><\/td><td><strong>Autor<\/strong><\/td><\/tr><\/thead><tbody><tr><td>27-05-2022<\/td><td>17:30<\/td><td>19:30<\/td><td>SARA CANO<\/td><\/tr><tr><td>27-05-2022<\/td><td>17:30<\/td><td>21:30<\/td><td>EVA CLEMENTE EMONAUTAS<\/td><\/tr><tr><td>27-05-2022<\/td><td>19:30<\/td><td>21:30<\/td><td>PALOMA GONZ\u00c1LEZ RUBIO<\/td><\/tr><tr><td>28-05-2022<\/td><td>11:00<\/td><td>13:00<\/td><td>CARMEN FERN\u00c1NDEZ VALLS<\/td><\/tr><tr><td>28-05-2022<\/td><td>13:00<\/td><td>15:00<\/td><td>MAR\u00cdA MEN\u00c9NDEZ PONTE<\/td><\/tr><tr><td>28-05-2022<\/td><td>17:00<\/td><td>19:00<\/td><td>MIGUEL CALERO<\/td><\/tr><tr><td>28-05-2022<\/td><td>17:00<\/td><td>19:00<\/td><td>MERCEDES PALACIOS<\/td><\/tr><tr><td>28-05-2022<\/td><td>19:00<\/td><td>21:00<\/td><td>MYRIAM M. LEJARDI<\/td><\/tr><tr><td>29-05-2022<\/td><td>11:00<\/td><td>13:00<\/td><td>SARA NICOL\u00c1S TRAGAMANZANAS<\/td><\/tr><tr><td>29-05-2022<\/td><td>11:00<\/td><td>13:00<\/td><td>\u00d3SCAR RULL<\/td><\/tr><tr><td>29-05-2022<\/td><td>13:00<\/td><td>15:00<\/td><td>CRISTINA OLEBY<\/td><\/tr><tr><td>29-05-2022<\/td><td>13:00<\/td><td>15:00<\/td><td>\u00c1LVARO ORTIZ<\/td><\/tr><tr><td>29-05-2022<\/td><td>17:00<\/td><td>18:30<\/td><td>BEGO\u00d1A ORO<\/td><\/tr><tr><td>29-05-2022<\/td><td>19:00<\/td><td>21:00<\/td><td>NANDO L\u00d3PEZ<\/td><\/tr><tr><td>01-06-2022<\/td><td>17:30<\/td><td>19:30<\/td><td>MARINA TENA MARA BLEFUSCO<\/td><\/tr><tr><td>01-06-2022<\/td><td>19:30<\/td><td>21:30<\/td><td>JUAN MU\u00d1OZ<\/td><\/tr><tr><td>02-06-2022<\/td><td>17:30<\/td><td>19:30<\/td><td>PILAR SERRANO BURGOS<\/td><\/tr><tr><td>02-06-2022<\/td><td>19:30<\/td><td>21:30<\/td><td>LIDIA DE LUCAS<\/td><\/tr><tr><td>03-06-2022<\/td><td>17:30<\/td><td>19:30<\/td><td>VALERIA KISELOVA SAVRASOVA<\/td><\/tr><tr><td>03-06-2022<\/td><td>19:30<\/td><td>21:30<\/td><td>ANTONIO MART\u00cdN MORALES<\/td><\/tr><tr><td>03-06-2022<\/td><td>19:30<\/td><td>20:30<\/td><td>BEL\u00c9N MART\u00cdNEZ<\/td><\/tr><tr><td>04-06-2022<\/td><td>11:00<\/td><td>13:00<\/td><td>CHUS LAGO<\/td><\/tr><tr><td>04-06-2022<\/td><td>11:00<\/td><td>13:00<\/td><td>MARGARITA DEL MAZO<\/td><\/tr><tr><td>04-06-2022<\/td><td>13:00<\/td><td>15:00<\/td><td>IRIA G. PARENTE Y SELENE M. PASCUAL<\/td><\/tr><tr><td>04-06-2022<\/td><td>17:00<\/td><td>19:00<\/td><td>JAUME COPONS LILIANA FORTUNY<\/td><\/tr><tr><td>04-06-2022<\/td><td>19:00<\/td><td>21:00<\/td><td>FER ALCAL\u00c1 Y GEO COSTA<\/td><\/tr><tr><td>05-06-2022<\/td><td>11:00<\/td><td>13:00<\/td><td>JOS\u00c9 CARLOS ROM\u00c1N<\/td><\/tr><tr><td>05-06-2022<\/td><td>13:00<\/td><td>15:00<\/td><td>VICTORIA SCHAWB<\/td><\/tr><tr><td>05-06-2022<\/td><td>17:00<\/td><td>19:00<\/td><td>LOLA N\u00da\u00d1EZ<\/td><\/tr><tr><td>05-06-2022<\/td><td>17:00<\/td><td>19:00<\/td><td>ANNABEL STEADMAN<\/td><\/tr><tr><td>05-06-2022<\/td><td>19:00<\/td><td>21:00<\/td><td>BEATRIZ OS\u00c9S<\/td><\/tr><tr><td>08-06-2022<\/td><td>17:30<\/td><td>19:30<\/td><td>MIGUEL ALAYRACH<\/td><\/tr><tr><td>08-06-2022<\/td><td>19:30<\/td><td>21:30<\/td><td>VANESSA R. MIGLIORE IRIS DE ASOMO<\/td><\/tr><tr><td>09-06-2022<\/td><td>12:00<\/td><td>14:00<\/td><td>SANTIAGO GARC\u00cdA-CLAIRAC<\/td><\/tr><tr><td>09-06-2022<\/td><td>17:00<\/td><td>19:30<\/td><td>SANTIAGO GARC\u00cdA-CLAIRAC<\/td><\/tr><tr><td>09-06-2022<\/td><td>19:30<\/td><td>21:30<\/td><td>SYLVIA GARC\u00cdA<\/td><\/tr><tr><td>09-06-2022<\/td><td>19:30<\/td><td>21:30<\/td><td>ENRIQUE CARLOS MART\u00cdN<\/td><\/tr><tr><td>10-06-2022<\/td><td>12:00<\/td><td>14:00<\/td><td>PABLO C REYNA<\/td><\/tr><tr><td>10-06-2022<\/td><td>17:30<\/td><td>19:30<\/td><td>PEDRO MA\u00d1AS Y LUJ\u00c1N FERN\u00c1NDEZ<\/td><\/tr><tr><td>10-06-2022<\/td><td>17:30<\/td><td>19:30<\/td><td>DAVID SIERRA<\/td><\/tr><tr><td>10-06-2022<\/td><td>19:30<\/td><td>21:30<\/td><td>IRENE MORALES<\/td><\/tr><tr><td>11-06-2022<\/td><td>11:00<\/td><td>13:00<\/td><td>JOS\u00c9 CARLOS ANDR\u00c9S<\/td><\/tr><tr><td>11-06-2022<\/td><td>13:00<\/td><td>15:00<\/td><td>PABLO C REYNA<\/td><\/tr><tr><td>11-06-2022<\/td><td>17:00<\/td><td>19:00<\/td><td>ERIK TORDERSSON<\/td><\/tr><tr><td>11-06-2022<\/td><td>19:00<\/td><td>21:00<\/td><td>LOLA LLATAS<\/td><\/tr><tr><td>12-06-2022<\/td><td>11:00<\/td><td>13:00<\/td><td>RAFA ORD\u00d3\u00d1EZ<\/td><\/tr><tr><td>12-06-2022<\/td><td>13:00<\/td><td>15:00<\/td><td>ELENA MART\u00cdNEZ BLANCO<\/td><\/tr><tr><td>12-06-2022<\/td><td>13:00<\/td><td>15:00<\/td><td>ANABEL BOTELLA SOLER<\/td><\/tr><tr><td>12-06-2022<\/td><td>17:00<\/td><td>19:00<\/td><td>CHIKI FABREGAT<\/td><\/tr><\/tbody><\/table><\/figure>\n","protected":false},"excerpt":{"rendered":"<p>Este a\u00f1o estaremos en la caseta 49, como siempre especializadas en literatura infantil y juvenil. Adem\u00e1s de las firmas en caseta, este a\u00f1o gestionaremos las firmas de dos autoras en&hellip; <a class=\"more-link\" href=\"https:\/\/www.serendipiaslibrosymas.es\/blog\/feria-del-libro-de-madrid-2\/\">Continue reading <span class=\"screen-reader-text\">FERIA DEL LIBRO DE MADRID<\/span><\/a><\/p>\n","protected":false},"author":2,"featured_media":196,"comment_status":"open","ping_status":"open","sticky":false,"template":"","format":"standard","meta":{"footnotes":""},"categories":[1],"tags":[10,11,12],"class_list":["post-192","post","type-post","status-publish","format-standard","has-post-thumbnail","hentry","category-sin-categoria","tag-feria","tag-feria-del-libro","tag-firmas","entry"],"_links":{"self":[{"href":"https:\/\/www.serendipiaslibrosymas.es\/blog\/wp-json\/wp\/v2\/posts\/192","targetHints":{"allow":["GET"]}}],"collection":[{"href":"https:\/\/www.serendipiaslibrosymas.es\/blog\/wp-json\/wp\/v2\/posts"}],"about":[{"href":"https:\/\/www.serendipiaslibrosymas.es\/blog\/wp-json\/wp\/v2\/types\/post"}],"author":[{"embeddable":true,"href":"https:\/\/www.serendipiaslibrosymas.es\/blog\/wp-json\/wp\/v2\/users\/2"}],"replies":[{"embeddable":true,"href":"https:\/\/www.serendipiaslibrosymas.es\/blog\/wp-json\/wp\/v2\/comments?post=192"}],"version-history":[{"count":3,"href":"https:\/\/www.serendipiaslibrosymas.es\/blog\/wp-json\/wp\/v2\/posts\/192\/revisions"}],"predecessor-version":[{"id":198,"href":"https:\/\/www.serendipiaslibrosymas.es\/blog\/wp-json\/wp\/v2\/posts\/192\/revisions\/198"}],"wp:featuredmedia":[{"embeddable":true,"href":"https:\/\/www.serendipiaslibrosymas.es\/blog\/wp-json\/wp\/v2\/media\/196"}],"wp:attachment":[{"href":"https:\/\/www.serendipiaslibrosymas.es\/blog\/wp-json\/wp\/v2\/media?parent=192"}],"wp:term":[{"taxonomy":"category","embeddable":true,"href":"https:\/\/www.serendipiaslibrosymas.es\/blog\/wp-json\/wp\/v2\/categories?post=192"},{"taxonomy":"post_tag","embeddable":true,"href":"https:\/\/www.serendipiaslibrosymas.es\/blog\/wp-json\/wp\/v2\/tags?post=192"}],"curies":[{"name":"wp","href":"https:\/\/api.w.org\/{rel}","templated":true}]}}