{"id":218,"date":"2023-04-21T23:13:37","date_gmt":"2023-04-21T21:13:37","guid":{"rendered":"https:\/\/www.serendipiaslibrosymas.es\/blog\/?p=218"},"modified":"2023-04-21T23:13:37","modified_gmt":"2023-04-21T21:13:37","slug":"dia-del-libro-2023","status":"publish","type":"post","link":"https:\/\/www.serendipiaslibrosymas.es\/blog\/dia-del-libro-2023\/","title":{"rendered":"D\u00cdA DEL LIBRO 2023"},"content":{"rendered":"\n<figure class=\"wp-block-image size-full\"><img loading=\"lazy\" decoding=\"async\" width=\"851\" height=\"315\" src=\"https:\/\/www.serendipiaslibrosymas.es\/blog\/wp-content\/uploads\/2023\/04\/dia-del-libro-redes.jpg\" alt=\"\" class=\"wp-image-217\" srcset=\"https:\/\/www.serendipiaslibrosymas.es\/blog\/wp-content\/uploads\/2023\/04\/dia-del-libro-redes.jpg 851w, https:\/\/www.serendipiaslibrosymas.es\/blog\/wp-content\/uploads\/2023\/04\/dia-del-libro-redes-300x111.jpg 300w, https:\/\/www.serendipiaslibrosymas.es\/blog\/wp-content\/uploads\/2023\/04\/dia-del-libro-redes-768x284.jpg 768w\" sizes=\"auto, (max-width: 851px) 100vw, 851px\" \/><\/figure>\n\n\n\n<p>Como cada a\u00f1o, celebramos con vosotros el D\u00eda del libro, el m\u00e1s bonito del a\u00f1o para las librer\u00edas y los escritores, que comparten espacio con sus lectores en las miles y miles de firmas que se organizan en toda Espa\u00f1a. <\/p>\n\n\n\n<p>Este a\u00f1o pondremos de nuevo las carpas justo en frente de la librer\u00eda del Sector Foresta, 41 y habr\u00e1 autores firmando por la ma\u00f1ana y por la tarde. El horario de apertura ser\u00e1 de 10 a 20h ininterrumpidamente. <\/p>\n\n\n\n<p>Os ofreceremos el <strong>10% de descuento en todos los libros<\/strong> durante el d\u00eda. Nos han llegado preguntas sobre si lo hacemos tambi\u00e9n el s\u00e1bado porque otros comercios lo han anunciado el s\u00e1bado y la respuesta es NO: en Espa\u00f1a tenemos la Ley del libro y es muy clara al respecto, s\u00f3lo est\u00e1 permitido hacer el descuento el d\u00eda 23 de abril y es ilegal ofrecerlo cualquier otro d\u00eda. Las librer\u00edas y tiendas que vendan libros que hagan el descuento el d\u00eda 22 se saltar\u00e1n la ley y deber\u00e1n atenerse a las posibles denuncias y sanciones que puedan recibir. <\/p>\n\n\n\n<p>Los autores que nos visitar\u00e1n son: <\/p>\n\n\n\n<figure class=\"wp-block-image size-large\"><img loading=\"lazy\" decoding=\"async\" width=\"1024\" height=\"576\" src=\"https:\/\/www.serendipiaslibrosymas.es\/blog\/wp-content\/uploads\/2023\/04\/Diapositiva1-1024x576.jpg\" alt=\"\" class=\"wp-image-219\" srcset=\"https:\/\/www.serendipiaslibrosymas.es\/blog\/wp-content\/uploads\/2023\/04\/Diapositiva1-1024x576.jpg 1024w, https:\/\/www.serendipiaslibrosymas.es\/blog\/wp-content\/uploads\/2023\/04\/Diapositiva1-300x169.jpg 300w, https:\/\/www.serendipiaslibrosymas.es\/blog\/wp-content\/uploads\/2023\/04\/Diapositiva1-768x432.jpg 768w, https:\/\/www.serendipiaslibrosymas.es\/blog\/wp-content\/uploads\/2023\/04\/Diapositiva1.jpg 1280w\" sizes=\"auto, (max-width: 1024px) 100vw, 1024px\" \/><\/figure>\n\n\n\n<figure class=\"wp-block-image size-large\"><img loading=\"lazy\" decoding=\"async\" width=\"1024\" height=\"576\" src=\"https:\/\/www.serendipiaslibrosymas.es\/blog\/wp-content\/uploads\/2023\/04\/Diapositiva2-1024x576.jpg\" alt=\"\" class=\"wp-image-220\" srcset=\"https:\/\/www.serendipiaslibrosymas.es\/blog\/wp-content\/uploads\/2023\/04\/Diapositiva2-1024x576.jpg 1024w, https:\/\/www.serendipiaslibrosymas.es\/blog\/wp-content\/uploads\/2023\/04\/Diapositiva2-300x169.jpg 300w, https:\/\/www.serendipiaslibrosymas.es\/blog\/wp-content\/uploads\/2023\/04\/Diapositiva2-768x432.jpg 768w, https:\/\/www.serendipiaslibrosymas.es\/blog\/wp-content\/uploads\/2023\/04\/Diapositiva2.jpg 1280w\" sizes=\"auto, (max-width: 1024px) 100vw, 1024px\" \/><\/figure>\n","protected":false},"excerpt":{"rendered":"<p>Como cada a\u00f1o, celebramos con vosotros el D\u00eda del libro, el m\u00e1s bonito del a\u00f1o para las librer\u00edas y los escritores, que comparten espacio con sus lectores en las miles&hellip; <a class=\"more-link\" href=\"https:\/\/www.serendipiaslibrosymas.es\/blog\/dia-del-libro-2023\/\">Continue reading <span class=\"screen-reader-text\">D\u00cdA DEL LIBRO 2023<\/span><\/a><\/p>\n","protected":false},"author":4,"featured_media":217,"comment_status":"closed","ping_status":"open","sticky":false,"template":"","format":"standard","meta":{"footnotes":""},"categories":[1],"tags":[17,12,5],"class_list":["post-218","post","type-post","status-publish","format-standard","has-post-thumbnail","hentry","category-sin-categoria","tag-dia-del-libro","tag-firmas","tag-tres-cantos","entry"],"_links":{"self":[{"href":"https:\/\/www.serendipiaslibrosymas.es\/blog\/wp-json\/wp\/v2\/posts\/218","targetHints":{"allow":["GET"]}}],"collection":[{"href":"https:\/\/www.serendipiaslibrosymas.es\/blog\/wp-json\/wp\/v2\/posts"}],"about":[{"href":"https:\/\/www.serendipiaslibrosymas.es\/blog\/wp-json\/wp\/v2\/types\/post"}],"author":[{"embeddable":true,"href":"https:\/\/www.serendipiaslibrosymas.es\/blog\/wp-json\/wp\/v2\/users\/4"}],"replies":[{"embeddable":true,"href":"https:\/\/www.serendipiaslibrosymas.es\/blog\/wp-json\/wp\/v2\/comments?post=218"}],"version-history":[{"count":2,"href":"https:\/\/www.serendipiaslibrosymas.es\/blog\/wp-json\/wp\/v2\/posts\/218\/revisions"}],"predecessor-version":[{"id":222,"href":"https:\/\/www.serendipiaslibrosymas.es\/blog\/wp-json\/wp\/v2\/posts\/218\/revisions\/222"}],"wp:featuredmedia":[{"embeddable":true,"href":"https:\/\/www.serendipiaslibrosymas.es\/blog\/wp-json\/wp\/v2\/media\/217"}],"wp:attachment":[{"href":"https:\/\/www.serendipiaslibrosymas.es\/blog\/wp-json\/wp\/v2\/media?parent=218"}],"wp:term":[{"taxonomy":"category","embeddable":true,"href":"https:\/\/www.serendipiaslibrosymas.es\/blog\/wp-json\/wp\/v2\/categories?post=218"},{"taxonomy":"post_tag","embeddable":true,"href":"https:\/\/www.serendipiaslibrosymas.es\/blog\/wp-json\/wp\/v2\/tags?post=218"}],"curies":[{"name":"wp","href":"https:\/\/api.w.org\/{rel}","templated":true}]}}