{"id":224,"date":"2023-05-11T11:14:36","date_gmt":"2023-05-11T09:14:36","guid":{"rendered":"https:\/\/www.serendipiaslibrosymas.es\/blog\/?p=224"},"modified":"2023-05-11T11:14:36","modified_gmt":"2023-05-11T09:14:36","slug":"feria-del-libro-de-tres-cantos","status":"publish","type":"post","link":"https:\/\/www.serendipiaslibrosymas.es\/blog\/feria-del-libro-de-tres-cantos\/","title":{"rendered":"Feria del libro de Tres Cantos"},"content":{"rendered":"\n<figure class=\"wp-block-image size-large\"><img loading=\"lazy\" decoding=\"async\" width=\"1024\" height=\"377\" src=\"https:\/\/www.serendipiaslibrosymas.es\/blog\/wp-content\/uploads\/2023\/05\/feria-tres-cantos-1024x377.jpg\" alt=\"\" class=\"wp-image-225\" srcset=\"https:\/\/www.serendipiaslibrosymas.es\/blog\/wp-content\/uploads\/2023\/05\/feria-tres-cantos-1024x377.jpg 1024w, https:\/\/www.serendipiaslibrosymas.es\/blog\/wp-content\/uploads\/2023\/05\/feria-tres-cantos-300x111.jpg 300w, https:\/\/www.serendipiaslibrosymas.es\/blog\/wp-content\/uploads\/2023\/05\/feria-tres-cantos-768x283.jpg 768w, https:\/\/www.serendipiaslibrosymas.es\/blog\/wp-content\/uploads\/2023\/05\/feria-tres-cantos.jpg 1140w\" sizes=\"auto, (max-width: 1024px) 100vw, 1024px\" \/><\/figure>\n\n\n\n<p>Del 10 al 14 de abril tendr\u00e1 lugar en la Avenida de Colmenar la Feria del libro de Tres Cantos. Habr\u00e1 actividades para ni\u00f1os y adultos y tendremos algunas firmas en nuestra caseta que os contamos a continuaci\u00f3n. <\/p>\n\n\n\n<p><mark class=\"has-inline-color has-black-color\"><strong>VIERNES 12 DE MAYO<\/strong><\/mark><\/p>\n\n\n\n<p>17h a 19h: Elo\u00edsa Mart\u00ednez<\/p>\n\n\n\n<p>19h a 21h: Blue Jeans<\/p>\n\n\n\n<p><strong>S\u00c1BADO 13 DE MAYO<\/strong><\/p>\n\n\n\n<p>10h a 12h: Lola N\u00fa\u00f1ez<\/p>\n\n\n\n<p>12h a 14h: Sara Nicol\u00e1s y \u00d3scar Rull<\/p>\n\n\n\n<p>18:30 a 20h: Vanessa R. Migliore<\/p>\n\n\n\n<p><strong>DOMINGO 14 DE MAYO<\/strong><\/p>\n\n\n\n<p>12h a 14h: Laura Vila<\/p>\n\n\n\n<p>12h a 14h: Mar\u00eda Men\u00e9ndez-Ponte<\/p>\n","protected":false},"excerpt":{"rendered":"<p>Del 10 al 14 de abril tendr\u00e1 lugar en la Avenida de Colmenar la Feria del libro de Tres Cantos. Habr\u00e1 actividades para ni\u00f1os y adultos y tendremos algunas firmas&hellip; <a class=\"more-link\" href=\"https:\/\/www.serendipiaslibrosymas.es\/blog\/feria-del-libro-de-tres-cantos\/\">Continue reading <span class=\"screen-reader-text\">Feria del libro de Tres Cantos<\/span><\/a><\/p>\n","protected":false},"author":4,"featured_media":225,"comment_status":"open","ping_status":"open","sticky":false,"template":"","format":"standard","meta":{"footnotes":""},"categories":[1],"tags":[10,11,12,5],"class_list":["post-224","post","type-post","status-publish","format-standard","has-post-thumbnail","hentry","category-sin-categoria","tag-feria","tag-feria-del-libro","tag-firmas","tag-tres-cantos","entry"],"_links":{"self":[{"href":"https:\/\/www.serendipiaslibrosymas.es\/blog\/wp-json\/wp\/v2\/posts\/224","targetHints":{"allow":["GET"]}}],"collection":[{"href":"https:\/\/www.serendipiaslibrosymas.es\/blog\/wp-json\/wp\/v2\/posts"}],"about":[{"href":"https:\/\/www.serendipiaslibrosymas.es\/blog\/wp-json\/wp\/v2\/types\/post"}],"author":[{"embeddable":true,"href":"https:\/\/www.serendipiaslibrosymas.es\/blog\/wp-json\/wp\/v2\/users\/4"}],"replies":[{"embeddable":true,"href":"https:\/\/www.serendipiaslibrosymas.es\/blog\/wp-json\/wp\/v2\/comments?post=224"}],"version-history":[{"count":1,"href":"https:\/\/www.serendipiaslibrosymas.es\/blog\/wp-json\/wp\/v2\/posts\/224\/revisions"}],"predecessor-version":[{"id":226,"href":"https:\/\/www.serendipiaslibrosymas.es\/blog\/wp-json\/wp\/v2\/posts\/224\/revisions\/226"}],"wp:featuredmedia":[{"embeddable":true,"href":"https:\/\/www.serendipiaslibrosymas.es\/blog\/wp-json\/wp\/v2\/media\/225"}],"wp:attachment":[{"href":"https:\/\/www.serendipiaslibrosymas.es\/blog\/wp-json\/wp\/v2\/media?parent=224"}],"wp:term":[{"taxonomy":"category","embeddable":true,"href":"https:\/\/www.serendipiaslibrosymas.es\/blog\/wp-json\/wp\/v2\/categories?post=224"},{"taxonomy":"post_tag","embeddable":true,"href":"https:\/\/www.serendipiaslibrosymas.es\/blog\/wp-json\/wp\/v2\/tags?post=224"}],"curies":[{"name":"wp","href":"https:\/\/api.w.org\/{rel}","templated":true}]}}