{"id":237,"date":"2023-05-19T23:05:40","date_gmt":"2023-05-19T21:05:40","guid":{"rendered":"https:\/\/www.serendipiaslibrosymas.es\/blog\/?p=237"},"modified":"2023-05-24T18:34:31","modified_gmt":"2023-05-24T16:34:31","slug":"feria-del-libro-de-madrid-2023","status":"publish","type":"post","link":"https:\/\/www.serendipiaslibrosymas.es\/blog\/feria-del-libro-de-madrid-2023\/","title":{"rendered":"Feria del libro de Madrid 2023"},"content":{"rendered":"\n<figure class=\"wp-block-image size-full\"><img loading=\"lazy\" decoding=\"async\" width=\"987\" height=\"310\" src=\"https:\/\/www.serendipiaslibrosymas.es\/blog\/wp-content\/uploads\/2023\/05\/image.png\" alt=\"\" class=\"wp-image-238\" srcset=\"https:\/\/www.serendipiaslibrosymas.es\/blog\/wp-content\/uploads\/2023\/05\/image.png 987w, https:\/\/www.serendipiaslibrosymas.es\/blog\/wp-content\/uploads\/2023\/05\/image-300x94.png 300w, https:\/\/www.serendipiaslibrosymas.es\/blog\/wp-content\/uploads\/2023\/05\/image-768x241.png 768w\" sizes=\"auto, (max-width: 987px) 100vw, 987px\" \/><\/figure>\n\n\n\n<p>Ya queda muy poquito para el inicio de la Feria del libro de Madrid. Este a\u00f1o las fechas son del 26 de mayo al 11 de junio, como siempre en el Parque de El Retiro. <\/p>\n\n\n\n<p>Estaremos en la<strong> caseta 84<\/strong>, muy f\u00e1ciles de encontrar porque estamos justo en la entrada del Florida Park, si entr\u00e1is por esa puerta, vais directos a vernos. <\/p>\n\n\n\n<figure class=\"wp-block-image size-large\"><img decoding=\"async\" src=\"https:\/\/ferialibromadrid.com\/wp-content\/uploads\/2023\/04\/FLM-Cartel-82_bajaweb.jpg\" alt=\"\" \/><\/figure>\n\n\n\n<p>Como cada a\u00f1o, tenemos much\u00edsimas firmas de autores de infantil y juvenil que estamos deseando compartir con vosotros. Tenemos a varios autores firmando por las ma\u00f1anas, ya que sabemos que algunos colegios e institutos tricantinos (y de todo Madrid, claro) visitan la feria y nos gusta tener autores que puedan dedicarles sus libros. Si sois un centro educativo y quer\u00e9is concertar una visita a la caseta y a la Feria alg\u00fan d\u00eda que no hay autor, poneos en contacto conmigo (serendipiasletonia@gmail.com) para poder gestionar que haya un autor que os reciba en nuestra caseta. <\/p>\n\n\n\n<p>\u00a1Pasad a saludar cuando vay\u00e1is, nos hace mucha ilusi\u00f3n ser la librer\u00eda tricantina de la feria y que nos visit\u00e9is!<\/p>\n\n\n\n<p>Y ya no me enrollo m\u00e1s y os dejo lo que est\u00e1bais esperando: LAS FIRMAS<\/p>\n\n\n\n<div data-wp-interactive=\"core\/file\" class=\"wp-block-file\"><object data-wp-bind--hidden=\"!state.hasPdfPreview\" hidden class=\"wp-block-file__embed\" data=\"https:\/\/www.serendipiaslibrosymas.es\/blog\/wp-content\/uploads\/2023\/05\/Firmas-Caseta-84.pdf\" type=\"application\/pdf\" style=\"width:100%;height:600px\" aria-label=\"Incrustado de Firmas Caseta 84.\"><\/object><a id=\"wp-block-file--media-b50495e0-39ae-4918-b5f1-fda35a4a69ea\" href=\"https:\/\/www.serendipiaslibrosymas.es\/blog\/wp-content\/uploads\/2023\/05\/Firmas-Caseta-84.pdf\">Firmas Caseta 84<\/a><a href=\"https:\/\/www.serendipiaslibrosymas.es\/blog\/wp-content\/uploads\/2023\/05\/Firmas-Caseta-84.pdf\" class=\"wp-block-file__button wp-element-button\" download aria-describedby=\"wp-block-file--media-b50495e0-39ae-4918-b5f1-fda35a4a69ea\">Descarga<\/a><\/div>\n","protected":false},"excerpt":{"rendered":"<p>Ya queda muy poquito para el inicio de la Feria del libro de Madrid. Este a\u00f1o las fechas son del 26 de mayo al 11 de junio, como siempre en&hellip; <a class=\"more-link\" href=\"https:\/\/www.serendipiaslibrosymas.es\/blog\/feria-del-libro-de-madrid-2023\/\">Continue reading <span class=\"screen-reader-text\">Feria del libro de Madrid 2023<\/span><\/a><\/p>\n","protected":false},"author":4,"featured_media":238,"comment_status":"closed","ping_status":"closed","sticky":false,"template":"","format":"standard","meta":{"footnotes":""},"categories":[1],"tags":[11,12],"class_list":["post-237","post","type-post","status-publish","format-standard","has-post-thumbnail","hentry","category-sin-categoria","tag-feria-del-libro","tag-firmas","entry"],"_links":{"self":[{"href":"https:\/\/www.serendipiaslibrosymas.es\/blog\/wp-json\/wp\/v2\/posts\/237","targetHints":{"allow":["GET"]}}],"collection":[{"href":"https:\/\/www.serendipiaslibrosymas.es\/blog\/wp-json\/wp\/v2\/posts"}],"about":[{"href":"https:\/\/www.serendipiaslibrosymas.es\/blog\/wp-json\/wp\/v2\/types\/post"}],"author":[{"embeddable":true,"href":"https:\/\/www.serendipiaslibrosymas.es\/blog\/wp-json\/wp\/v2\/users\/4"}],"replies":[{"embeddable":true,"href":"https:\/\/www.serendipiaslibrosymas.es\/blog\/wp-json\/wp\/v2\/comments?post=237"}],"version-history":[{"count":5,"href":"https:\/\/www.serendipiaslibrosymas.es\/blog\/wp-json\/wp\/v2\/posts\/237\/revisions"}],"predecessor-version":[{"id":249,"href":"https:\/\/www.serendipiaslibrosymas.es\/blog\/wp-json\/wp\/v2\/posts\/237\/revisions\/249"}],"wp:featuredmedia":[{"embeddable":true,"href":"https:\/\/www.serendipiaslibrosymas.es\/blog\/wp-json\/wp\/v2\/media\/238"}],"wp:attachment":[{"href":"https:\/\/www.serendipiaslibrosymas.es\/blog\/wp-json\/wp\/v2\/media?parent=237"}],"wp:term":[{"taxonomy":"category","embeddable":true,"href":"https:\/\/www.serendipiaslibrosymas.es\/blog\/wp-json\/wp\/v2\/categories?post=237"},{"taxonomy":"post_tag","embeddable":true,"href":"https:\/\/www.serendipiaslibrosymas.es\/blog\/wp-json\/wp\/v2\/tags?post=237"}],"curies":[{"name":"wp","href":"https:\/\/api.w.org\/{rel}","templated":true}]}}